{"id":750,"date":"2021-12-11T08:43:15","date_gmt":"2021-12-11T08:43:15","guid":{"rendered":"https:\/\/hosting156272.a2eeb.netcup.net\/fr\/?p=750"},"modified":"2021-12-11T13:12:49","modified_gmt":"2021-12-11T13:12:49","slug":"am-17-dezember-2021-geht-es-wieder-los","status":"publish","type":"post","link":"https:\/\/hosting156272.a2eeb.netcup.net\/fr\/?p=750","title":{"rendered":"Am 17. Dezember 2021 geht es wieder los !"},"content":{"rendered":"<p>Nach dem nunmehr 4.ten Lockdown, welcher in den n\u00e4chsten Tagen, zumindest f\u00fcr Geimpfte und Genesene (2G) endet, geht es am 17.12.2021 wieder weiter.<br \/>\nAn diesem Tag ist es uns wieder erlaubt G\u00e4ste zu beherbergen, der Winterbetrieb im Skigebiet beginnt und die Gastronomie startet wieder.<br \/>\nAuch der Katschberger Adventweg \u00f6ffnet ab 17.12.2021 seine Pforten.<br \/>\n<!--more--><\/p>\n<style type=\"text\/css\">\n#foogallery-gallery-755.fg-justified .fg-item { margin-right: 2px; margin-bottom: 2px; }\n#foogallery-gallery-755.fg-justified .fg-image { height: 300px; }<\/style>\n\t\t\t<div class=\"foogallery foogallery-container foogallery-justified foogallery-lightbox-foobox fg-justified fg-ready fg-light fg-border-thin fg-shadow-outline fg-loading-bars fg-loaded-fade-in fg-hover-fade fg-hover-zoom2 fg-light-overlays\" id=\"foogallery-gallery-755\" data-foogallery=\"{&quot;item&quot;:{&quot;showCaptionTitle&quot;:true,&quot;showCaptionDescription&quot;:false},&quot;lazy&quot;:true,&quot;template&quot;:{&quot;rowHeight&quot;:300,&quot;maxRowHeight&quot;:400,&quot;margins&quot;:2,&quot;align&quot;:&quot;center&quot;,&quot;lastRow&quot;:&quot;smart&quot;}}\" style=\"--fg-title-line-clamp: 0; --fg-description-line-clamp: 0;\" >\n\t<div class=\"fg-item fg-type-image fg-idle\"><figure class=\"fg-item-inner\"><a href=\"https:\/\/hosting156272.a2eeb.netcup.net\/fr\/wp-content\/uploads\/2021\/12\/FB_Post_Katschberg_Tourismus_12_2021.jpg\" data-attachment-id=\"756\" data-type=\"image\" class=\"fg-thumb\"><span class=\"fg-image-wrap\"><img fetchpriority=\"high\" decoding=\"async\" alt=\"2021_12 - FB Post Katschberg\" height=\"400\" width=\"295\" class=\"skip-lazy fg-image\" data-src-fg=\"https:\/\/hosting156272.a2eeb.netcup.net\/fr\/wp-content\/uploads\/cache\/2021\/12\/FB_Post_Katschberg_Tourismus_12_2021\/2155661683.jpg\" src=\"data:image\/svg+xml,%3Csvg%20xmlns%3D%22http%3A%2F%2Fwww.w3.org%2F2000%2Fsvg%22%20width%3D%22295%22%20height%3D%22400%22%20viewBox%3D%220%200%20295%20400%22%3E%3C%2Fsvg%3E\" loading=\"eager\"><\/span><span class=\"fg-image-overlay\"><\/span><\/a><\/figure><div class=\"fg-loader\"><\/div><\/div><div class=\"fg-item fg-type-image fg-idle\"><figure class=\"fg-item-inner\"><a href=\"https:\/\/hosting156272.a2eeb.netcup.net\/fr\/wp-content\/uploads\/2021\/12\/FB_Post_Katschberger_Bergbahnen_12_2021.jpg\" data-attachment-id=\"757\" data-type=\"image\" class=\"fg-thumb\"><span class=\"fg-image-wrap\"><img decoding=\"async\" alt=\"2021_12 - FB Post Bergbahnen\" height=\"400\" width=\"300\" class=\"skip-lazy fg-image\" data-src-fg=\"https:\/\/hosting156272.a2eeb.netcup.net\/fr\/wp-content\/uploads\/cache\/2021\/12\/FB_Post_Katschberger_Bergbahnen_12_2021\/20458948.jpg\" src=\"data:image\/svg+xml,%3Csvg%20xmlns%3D%22http%3A%2F%2Fwww.w3.org%2F2000%2Fsvg%22%20width%3D%22300%22%20height%3D%22400%22%20viewBox%3D%220%200%20300%20400%22%3E%3C%2Fsvg%3E\" loading=\"eager\"><\/span><span class=\"fg-image-overlay\"><\/span><\/a><\/figure><div class=\"fg-loader\"><\/div><\/div><\/div>\n\n<p>Alle Informationen unter welchen Bedingungen ge\u00f6ffnet wird finden Sie unter\u00a0 <a href=\"https:\/\/corona-ampel.gv.at\/aktuelle-massnahmen\/regionale-zusaetzliche-massnahmen\/kaernten\/\" target=\"_blank\" rel=\"noopener\">Covid Regelungen K\u00e4rnten<\/a>, zusammenfassend gelten aktuell folgende Grundregel:<\/p>\n<p class=\"\"><b>Grundregeln\u00a0\u00a0<\/b><\/p>\n<ul>\n<li><span style=\"color: #f37262;\">2G \u00fcberall<\/span> au\u00dfer am Arbeitsort (dort gilt weiterhin die 3-G-Regelung)<\/li>\n<li>FFP2-Pflicht in allen geschlossenen R\u00e4umen<\/li>\n<li>empfohlener Mindestabstand: 2 Meter<\/li>\n<\/ul>\n<p class=\"\"><b>Zus\u00e4tzliche Regelungen\u00a0<\/b><\/p>\n<ul>\n<li><span style=\"color: #f37262;\">Sperrstundenregelung: 05:00- 23:00 Uhr<\/span> (gilt f\u00fcr Gastronomie, Handel, Dienstleistungen, Freizeit- und Kultureinrichtungen, Sportst\u00e4tten, Zusammenk\u00fcnfte)<\/li>\n<li><span style=\"color: #f37262;\">Nachtgastronomie (inkl. Apres-Ski) bleibt vorerst geschlossen<\/span> (Evaluierung bis 09.01.2022)<\/li>\n<\/ul>\n<p class=\"\"><b>\u00d6ffentliche Orte\u00a0<\/b><\/p>\n<ul>\n<li><span style=\"color: #f37262;\">FFP2-Pflicht in geschlossenen R\u00e4umen<\/span><\/li>\n<li>empfohlener Mindestabstand von 2 Metern<\/li>\n<\/ul>\n<p class=\"\"><b>Verkehrsmittel<\/b><\/p>\n<ul>\n<li>FFP2-Pflicht in \u00f6ffentlichen Verkehrsmitteln (Zug, U-Bahn etc.)<\/li>\n<li><span style=\"color: #f37262;\">2G in Seilbahnen, Busreisen und Ausflugsschiffen (in geschlossenen R\u00e4umen zus\u00e4tzlich FFP2-Maskenpflicht)<\/span><\/li>\n<li>COVID-19-Beauftragter + Pr\u00e4ventionskonzept f\u00fcr Seil- und Zahnradbahnen, Reisebusse, Ausflugsschiff<\/li>\n<\/ul>\n<p class=\"\"><b>Gastronomie\u00a0<\/b><\/p>\n<ul>\n<li><b>Generell:<\/b>\n<ul>\n<li>COVID-19-Beauftragter + Pr\u00e4ventionskonzept<\/li>\n<li>Generelles Verbot von Nachtgastronomie inkl. Apres-Ski<\/li>\n<li>Generelles Verbot von Stehgastronomie<\/li>\n<li>Generelles Verbot von Barbetrieb<b>\u00a0<\/b><\/li>\n<\/ul>\n<\/li>\n<\/ul>\n<ul>\n<li><b>Indoor &amp; Outdoor:<\/b>\n<ul>\n<li><span style=\"color: #f37262;\">Zutritt nur mit 2G<\/span><\/li>\n<li><span style=\"color: #f37262;\">FFP2-Pflicht au\u00dfer am Sitzplatz<\/span><\/li>\n<li>Kontaktdatenerhebung<\/li>\n<\/ul>\n<\/li>\n<\/ul>\n<p class=\"\"><b>Beherbergungsbetriebe\u00a0<\/b><\/p>\n<ul>\n<li><span style=\"color: #ff6600;\">Zutritt nur mit 2G\u00a0<\/span><br \/>\nAls 2G-Nachweis gilt:Der Corona-Testpass (gem\u00e4\u00df \u00a7 4 Z 1 der COVID-19-Schulverordnung) f\u00fcr Personen, die der allgemeinen Schulpflicht unterliegen. Dies gilt in der Woche, in der die Testintervalle eingehalten werden, auch am Freitag, Samstag und Sonntag dieser Woche.<\/p>\n<ul>\n<li><span style=\"color: #ff6600;\">Ein Nachweis \u00fcber eine mit einem zentral zugelassenen Impfstoff gegen COVID-19 erfolgte:<\/span><\/li>\n<li><span style=\"color: #ff6600;\">Impfung ab dem 22. Tag nach der Impfung bei Impfstoffen, bei denen nur eine Impfung vorgehsehen ist \u2013 nicht l\u00e4nger als 270 Tage<\/span>\n<ul>\n<li><span style=\"color: #ff6600;\">Impfung \u2013 g\u00fcltig ab sofort, wenn mindestens 21 Tage vor der Impfung ein positiver molekularbiologischer Test auf SARS-CoV-2 bzw. ein direkt davor ein Nachweis \u00fcber neutralisierende Antik\u00f6rper (=Genesene) vorlag, jedoch nicht \u00e4lter als 270 Tage.<\/span><\/li>\n<li><span style=\"color: #ff6600;\">Weitere Impfung (Auffrischungsimpfung) \u2013 diese darf nicht l\u00e4nger als 270 Tage zur\u00fcckliegen und zwischen der letzten Impfung m\u00fcssen mind. 120 Tage verstrichen sein.<\/span><\/li>\n<\/ul>\n<\/li>\n<li><span style=\"color: #ff6600;\">Ein Genesungsnachweis oder eine \u00e4rztliche Best\u00e4tigung \u00fcber eine in den letzten 180 Tagen \u00fcberstandene Infektion, die molekularbiologisch best\u00e4tigt wurde.<\/span><\/li>\n<li><span style=\"color: #ff6600;\">Ein Absonderungsbescheid \u2013 jedoch nicht \u00e4lter als 180 Tage<\/span><\/li>\n<li><span style=\"color: #ff6600;\">Kinder bis zum vollendeten 12. Lebensjahr ben\u00f6tigen keinen Nachweis<\/span><\/li>\n<\/ul>\n<\/li>\n<li>FFP2-Pflicht in geschlossenen R\u00e4umen allgemein zug\u00e4nglicher Bereiche<\/li>\n<li>Kontaktdatenerhebungen<\/li>\n<li>COVID-19-Beauftragter + Pr\u00e4ventionskonzept<\/li>\n<\/ul>\n<p><span style=\"color: #ff6600;\">Bitte ber\u00fccksichtigen Sie, dass wir dazu verpflichtet sind die Einhaltung der gesetzlichen Regelungen zu kontrollieren &#8211; somit ersuchen wir sie die entsprechenden 2G-Nachweise bei der Anreise bereitzuhalten. <strong>Vielen Dank.<\/strong><\/span><\/p>\n","protected":false},"excerpt":{"rendered":"<p>Nach dem nunmehr 4.ten Lockdown, welcher in den n\u00e4chsten Tagen, zumindest f\u00fcr Geimpfte und Genesene (2G) endet, geht es am 17.12.2021 wieder weiter. An diesem Tag ist es uns wieder erlaubt G\u00e4ste zu beherbergen, der Winterbetrieb im Skigebiet beginnt und die Gastronomie startet wieder. Auch der Katschberger Adventweg \u00f6ffnet ab 17.12.2021 seine Pforten.<\/p>\n","protected":false},"author":1,"featured_media":759,"comment_status":"open","ping_status":"closed","sticky":false,"template":"","format":"standard","meta":{"neve_meta_sidebar":"full-width","neve_meta_container":"contained","neve_meta_enable_content_width":"on","neve_meta_content_width":90,"neve_meta_title_alignment":"","neve_meta_author_avatar":"","neve_post_elements_order":"","neve_meta_disable_header":"","neve_meta_disable_footer":"","neve_meta_disable_title":"","_jetpack_memberships_contains_paid_content":false,"footnotes":""},"categories":[3,4],"tags":[],"class_list":["post-750","post","type-post","status-publish","format-standard","has-post-thumbnail","hentry","category-covid","category-winter"],"yoast_head":"<!-- This site is optimized with the Yoast SEO plugin v27.5 - https:\/\/yoast.com\/product\/yoast-seo-wordpress\/ -->\n<title>Am 17. Dezember 2021 geht es wieder los ! - Ferienhaus Ramsbacher<\/title>\n<meta name=\"robots\" content=\"index, follow, max-snippet:-1, max-image-preview:large, max-video-preview:-1\" \/>\n<link rel=\"canonical\" href=\"https:\/\/hosting156272.a2eeb.netcup.net\/fr\/?p=750\" \/>\n<meta property=\"og:locale\" content=\"de_DE\" \/>\n<meta property=\"og:type\" content=\"article\" \/>\n<meta property=\"og:title\" content=\"Am 17. Dezember 2021 geht es wieder los ! - Ferienhaus Ramsbacher\" \/>\n<meta property=\"og:description\" content=\"Nach dem nunmehr 4.ten Lockdown, welcher in den n\u00e4chsten Tagen, zumindest f\u00fcr Geimpfte und Genesene (2G) endet, geht es am 17.12.2021 wieder weiter. An diesem Tag ist es uns wieder erlaubt G\u00e4ste zu beherbergen, der Winterbetrieb im Skigebiet beginnt und die Gastronomie startet wieder. Auch der Katschberger Adventweg \u00f6ffnet ab 17.12.2021 seine Pforten.\" \/>\n<meta property=\"og:url\" content=\"https:\/\/hosting156272.a2eeb.netcup.net\/fr\/?p=750\" \/>\n<meta property=\"og:site_name\" content=\"Ferienhaus Ramsbacher\" \/>\n<meta property=\"article:published_time\" content=\"2021-12-11T08:43:15+00:00\" \/>\n<meta property=\"article:modified_time\" content=\"2021-12-11T13:12:49+00:00\" \/>\n<meta property=\"og:image\" content=\"https:\/\/hosting156272.a2eeb.netcup.net\/fr\/wp-content\/uploads\/2021\/12\/2021_Flickr_TB_Katschberg.jpg\" \/>\n\t<meta property=\"og:image:width\" content=\"2135\" \/>\n\t<meta property=\"og:image:height\" content=\"1286\" \/>\n\t<meta property=\"og:image:type\" content=\"image\/jpeg\" \/>\n<meta name=\"author\" content=\"Gerald\" \/>\n<meta name=\"twitter:card\" content=\"summary_large_image\" \/>\n<meta name=\"twitter:label1\" content=\"Verfasst von\" \/>\n\t<meta name=\"twitter:data1\" content=\"Gerald\" \/>\n\t<meta name=\"twitter:label2\" content=\"Gesch\u00e4tzte Lesezeit\" \/>\n\t<meta name=\"twitter:data2\" content=\"3\u00a0Minuten\" \/>\n<script type=\"application\/ld+json\" class=\"yoast-schema-graph\">{\"@context\":\"https:\\\/\\\/schema.org\",\"@graph\":[{\"@type\":\"Article\",\"@id\":\"https:\\\/\\\/hosting156272.a2eeb.netcup.net\\\/fr\\\/?p=750#article\",\"isPartOf\":{\"@id\":\"https:\\\/\\\/hosting156272.a2eeb.netcup.net\\\/fr\\\/?p=750\"},\"author\":{\"name\":\"Gerald\",\"@id\":\"https:\\\/\\\/hosting156272.a2eeb.netcup.net\\\/fr\\\/#\\\/schema\\\/person\\\/51b3b506200042a72ca42ecbcbb5b141\"},\"headline\":\"Am 17. Dezember 2021 geht es wieder los !\",\"datePublished\":\"2021-12-11T08:43:15+00:00\",\"dateModified\":\"2021-12-11T13:12:49+00:00\",\"mainEntityOfPage\":{\"@id\":\"https:\\\/\\\/hosting156272.a2eeb.netcup.net\\\/fr\\\/?p=750\"},\"wordCount\":424,\"commentCount\":0,\"image\":{\"@id\":\"https:\\\/\\\/hosting156272.a2eeb.netcup.net\\\/fr\\\/?p=750#primaryimage\"},\"thumbnailUrl\":\"https:\\\/\\\/hosting156272.a2eeb.netcup.net\\\/fr\\\/wp-content\\\/uploads\\\/2021\\\/12\\\/2021_Flickr_TB_Katschberg.jpg\",\"articleSection\":[\"Covid\",\"Winter\"],\"inLanguage\":\"de\",\"potentialAction\":[{\"@type\":\"CommentAction\",\"name\":\"Comment\",\"target\":[\"https:\\\/\\\/hosting156272.a2eeb.netcup.net\\\/fr\\\/?p=750#respond\"]}]},{\"@type\":\"WebPage\",\"@id\":\"https:\\\/\\\/hosting156272.a2eeb.netcup.net\\\/fr\\\/?p=750\",\"url\":\"https:\\\/\\\/hosting156272.a2eeb.netcup.net\\\/fr\\\/?p=750\",\"name\":\"Am 17. Dezember 2021 geht es wieder los ! - Ferienhaus Ramsbacher\",\"isPartOf\":{\"@id\":\"https:\\\/\\\/hosting156272.a2eeb.netcup.net\\\/fr\\\/#website\"},\"primaryImageOfPage\":{\"@id\":\"https:\\\/\\\/hosting156272.a2eeb.netcup.net\\\/fr\\\/?p=750#primaryimage\"},\"image\":{\"@id\":\"https:\\\/\\\/hosting156272.a2eeb.netcup.net\\\/fr\\\/?p=750#primaryimage\"},\"thumbnailUrl\":\"https:\\\/\\\/hosting156272.a2eeb.netcup.net\\\/fr\\\/wp-content\\\/uploads\\\/2021\\\/12\\\/2021_Flickr_TB_Katschberg.jpg\",\"datePublished\":\"2021-12-11T08:43:15+00:00\",\"dateModified\":\"2021-12-11T13:12:49+00:00\",\"author\":{\"@id\":\"https:\\\/\\\/hosting156272.a2eeb.netcup.net\\\/fr\\\/#\\\/schema\\\/person\\\/51b3b506200042a72ca42ecbcbb5b141\"},\"breadcrumb\":{\"@id\":\"https:\\\/\\\/hosting156272.a2eeb.netcup.net\\\/fr\\\/?p=750#breadcrumb\"},\"inLanguage\":\"de\",\"potentialAction\":[{\"@type\":\"ReadAction\",\"target\":[\"https:\\\/\\\/hosting156272.a2eeb.netcup.net\\\/fr\\\/?p=750\"]}]},{\"@type\":\"ImageObject\",\"inLanguage\":\"de\",\"@id\":\"https:\\\/\\\/hosting156272.a2eeb.netcup.net\\\/fr\\\/?p=750#primaryimage\",\"url\":\"https:\\\/\\\/hosting156272.a2eeb.netcup.net\\\/fr\\\/wp-content\\\/uploads\\\/2021\\\/12\\\/2021_Flickr_TB_Katschberg.jpg\",\"contentUrl\":\"https:\\\/\\\/hosting156272.a2eeb.netcup.net\\\/fr\\\/wp-content\\\/uploads\\\/2021\\\/12\\\/2021_Flickr_TB_Katschberg.jpg\",\"width\":2135,\"height\":1286},{\"@type\":\"BreadcrumbList\",\"@id\":\"https:\\\/\\\/hosting156272.a2eeb.netcup.net\\\/fr\\\/?p=750#breadcrumb\",\"itemListElement\":[{\"@type\":\"ListItem\",\"position\":1,\"name\":\"Startseite\",\"item\":\"https:\\\/\\\/hosting156272.a2eeb.netcup.net\\\/fr\\\/\"},{\"@type\":\"ListItem\",\"position\":2,\"name\":\"Am 17. Dezember 2021 geht es wieder los !\"}]},{\"@type\":\"WebSite\",\"@id\":\"https:\\\/\\\/hosting156272.a2eeb.netcup.net\\\/fr\\\/#website\",\"url\":\"https:\\\/\\\/hosting156272.a2eeb.netcup.net\\\/fr\\\/\",\"name\":\"Ferienhaus Ramsbacher\",\"description\":\"Rennweg am Katschberg, K\u00e4rnten, \u00d6sterreich\",\"potentialAction\":[{\"@type\":\"SearchAction\",\"target\":{\"@type\":\"EntryPoint\",\"urlTemplate\":\"https:\\\/\\\/hosting156272.a2eeb.netcup.net\\\/fr\\\/?s={search_term_string}\"},\"query-input\":{\"@type\":\"PropertyValueSpecification\",\"valueRequired\":true,\"valueName\":\"search_term_string\"}}],\"inLanguage\":\"de\"},{\"@type\":\"Person\",\"@id\":\"https:\\\/\\\/hosting156272.a2eeb.netcup.net\\\/fr\\\/#\\\/schema\\\/person\\\/51b3b506200042a72ca42ecbcbb5b141\",\"name\":\"Gerald\",\"image\":{\"@type\":\"ImageObject\",\"inLanguage\":\"de\",\"@id\":\"https:\\\/\\\/secure.gravatar.com\\\/avatar\\\/71b109e3c8f991e69a43de9edc6493e24c0061ff70e83d8ff6a3d61aa2c3869f?s=96&d=mm&r=g\",\"url\":\"https:\\\/\\\/secure.gravatar.com\\\/avatar\\\/71b109e3c8f991e69a43de9edc6493e24c0061ff70e83d8ff6a3d61aa2c3869f?s=96&d=mm&r=g\",\"contentUrl\":\"https:\\\/\\\/secure.gravatar.com\\\/avatar\\\/71b109e3c8f991e69a43de9edc6493e24c0061ff70e83d8ff6a3d61aa2c3869f?s=96&d=mm&r=g\",\"caption\":\"Gerald\"},\"sameAs\":[\"https:\\\/\\\/hosting156272.a2eeb.netcup.net\\\/fr\"]}]}<\/script>\n<!-- \/ Yoast SEO plugin. -->","yoast_head_json":{"title":"Am 17. Dezember 2021 geht es wieder los ! - Ferienhaus Ramsbacher","robots":{"index":"index","follow":"follow","max-snippet":"max-snippet:-1","max-image-preview":"max-image-preview:large","max-video-preview":"max-video-preview:-1"},"canonical":"https:\/\/hosting156272.a2eeb.netcup.net\/fr\/?p=750","og_locale":"de_DE","og_type":"article","og_title":"Am 17. Dezember 2021 geht es wieder los ! - Ferienhaus Ramsbacher","og_description":"Nach dem nunmehr 4.ten Lockdown, welcher in den n\u00e4chsten Tagen, zumindest f\u00fcr Geimpfte und Genesene (2G) endet, geht es am 17.12.2021 wieder weiter. An diesem Tag ist es uns wieder erlaubt G\u00e4ste zu beherbergen, der Winterbetrieb im Skigebiet beginnt und die Gastronomie startet wieder. Auch der Katschberger Adventweg \u00f6ffnet ab 17.12.2021 seine Pforten.","og_url":"https:\/\/hosting156272.a2eeb.netcup.net\/fr\/?p=750","og_site_name":"Ferienhaus Ramsbacher","article_published_time":"2021-12-11T08:43:15+00:00","article_modified_time":"2021-12-11T13:12:49+00:00","og_image":[{"width":2135,"height":1286,"url":"https:\/\/hosting156272.a2eeb.netcup.net\/fr\/wp-content\/uploads\/2021\/12\/2021_Flickr_TB_Katschberg.jpg","type":"image\/jpeg"}],"author":"Gerald","twitter_card":"summary_large_image","twitter_misc":{"Verfasst von":"Gerald","Gesch\u00e4tzte Lesezeit":"3\u00a0Minuten"},"schema":{"@context":"https:\/\/schema.org","@graph":[{"@type":"Article","@id":"https:\/\/hosting156272.a2eeb.netcup.net\/fr\/?p=750#article","isPartOf":{"@id":"https:\/\/hosting156272.a2eeb.netcup.net\/fr\/?p=750"},"author":{"name":"Gerald","@id":"https:\/\/hosting156272.a2eeb.netcup.net\/fr\/#\/schema\/person\/51b3b506200042a72ca42ecbcbb5b141"},"headline":"Am 17. Dezember 2021 geht es wieder los !","datePublished":"2021-12-11T08:43:15+00:00","dateModified":"2021-12-11T13:12:49+00:00","mainEntityOfPage":{"@id":"https:\/\/hosting156272.a2eeb.netcup.net\/fr\/?p=750"},"wordCount":424,"commentCount":0,"image":{"@id":"https:\/\/hosting156272.a2eeb.netcup.net\/fr\/?p=750#primaryimage"},"thumbnailUrl":"https:\/\/hosting156272.a2eeb.netcup.net\/fr\/wp-content\/uploads\/2021\/12\/2021_Flickr_TB_Katschberg.jpg","articleSection":["Covid","Winter"],"inLanguage":"de","potentialAction":[{"@type":"CommentAction","name":"Comment","target":["https:\/\/hosting156272.a2eeb.netcup.net\/fr\/?p=750#respond"]}]},{"@type":"WebPage","@id":"https:\/\/hosting156272.a2eeb.netcup.net\/fr\/?p=750","url":"https:\/\/hosting156272.a2eeb.netcup.net\/fr\/?p=750","name":"Am 17. Dezember 2021 geht es wieder los ! - Ferienhaus Ramsbacher","isPartOf":{"@id":"https:\/\/hosting156272.a2eeb.netcup.net\/fr\/#website"},"primaryImageOfPage":{"@id":"https:\/\/hosting156272.a2eeb.netcup.net\/fr\/?p=750#primaryimage"},"image":{"@id":"https:\/\/hosting156272.a2eeb.netcup.net\/fr\/?p=750#primaryimage"},"thumbnailUrl":"https:\/\/hosting156272.a2eeb.netcup.net\/fr\/wp-content\/uploads\/2021\/12\/2021_Flickr_TB_Katschberg.jpg","datePublished":"2021-12-11T08:43:15+00:00","dateModified":"2021-12-11T13:12:49+00:00","author":{"@id":"https:\/\/hosting156272.a2eeb.netcup.net\/fr\/#\/schema\/person\/51b3b506200042a72ca42ecbcbb5b141"},"breadcrumb":{"@id":"https:\/\/hosting156272.a2eeb.netcup.net\/fr\/?p=750#breadcrumb"},"inLanguage":"de","potentialAction":[{"@type":"ReadAction","target":["https:\/\/hosting156272.a2eeb.netcup.net\/fr\/?p=750"]}]},{"@type":"ImageObject","inLanguage":"de","@id":"https:\/\/hosting156272.a2eeb.netcup.net\/fr\/?p=750#primaryimage","url":"https:\/\/hosting156272.a2eeb.netcup.net\/fr\/wp-content\/uploads\/2021\/12\/2021_Flickr_TB_Katschberg.jpg","contentUrl":"https:\/\/hosting156272.a2eeb.netcup.net\/fr\/wp-content\/uploads\/2021\/12\/2021_Flickr_TB_Katschberg.jpg","width":2135,"height":1286},{"@type":"BreadcrumbList","@id":"https:\/\/hosting156272.a2eeb.netcup.net\/fr\/?p=750#breadcrumb","itemListElement":[{"@type":"ListItem","position":1,"name":"Startseite","item":"https:\/\/hosting156272.a2eeb.netcup.net\/fr\/"},{"@type":"ListItem","position":2,"name":"Am 17. Dezember 2021 geht es wieder los !"}]},{"@type":"WebSite","@id":"https:\/\/hosting156272.a2eeb.netcup.net\/fr\/#website","url":"https:\/\/hosting156272.a2eeb.netcup.net\/fr\/","name":"Ferienhaus Ramsbacher","description":"Rennweg am Katschberg, K\u00e4rnten, \u00d6sterreich","potentialAction":[{"@type":"SearchAction","target":{"@type":"EntryPoint","urlTemplate":"https:\/\/hosting156272.a2eeb.netcup.net\/fr\/?s={search_term_string}"},"query-input":{"@type":"PropertyValueSpecification","valueRequired":true,"valueName":"search_term_string"}}],"inLanguage":"de"},{"@type":"Person","@id":"https:\/\/hosting156272.a2eeb.netcup.net\/fr\/#\/schema\/person\/51b3b506200042a72ca42ecbcbb5b141","name":"Gerald","image":{"@type":"ImageObject","inLanguage":"de","@id":"https:\/\/secure.gravatar.com\/avatar\/71b109e3c8f991e69a43de9edc6493e24c0061ff70e83d8ff6a3d61aa2c3869f?s=96&d=mm&r=g","url":"https:\/\/secure.gravatar.com\/avatar\/71b109e3c8f991e69a43de9edc6493e24c0061ff70e83d8ff6a3d61aa2c3869f?s=96&d=mm&r=g","contentUrl":"https:\/\/secure.gravatar.com\/avatar\/71b109e3c8f991e69a43de9edc6493e24c0061ff70e83d8ff6a3d61aa2c3869f?s=96&d=mm&r=g","caption":"Gerald"},"sameAs":["https:\/\/hosting156272.a2eeb.netcup.net\/fr"]}]}},"jetpack_featured_media_url":"https:\/\/hosting156272.a2eeb.netcup.net\/fr\/wp-content\/uploads\/2021\/12\/2021_Flickr_TB_Katschberg.jpg","jetpack_sharing_enabled":true,"_links":{"self":[{"href":"https:\/\/hosting156272.a2eeb.netcup.net\/fr\/index.php?rest_route=\/wp\/v2\/posts\/750","targetHints":{"allow":["GET"]}}],"collection":[{"href":"https:\/\/hosting156272.a2eeb.netcup.net\/fr\/index.php?rest_route=\/wp\/v2\/posts"}],"about":[{"href":"https:\/\/hosting156272.a2eeb.netcup.net\/fr\/index.php?rest_route=\/wp\/v2\/types\/post"}],"author":[{"embeddable":true,"href":"https:\/\/hosting156272.a2eeb.netcup.net\/fr\/index.php?rest_route=\/wp\/v2\/users\/1"}],"replies":[{"embeddable":true,"href":"https:\/\/hosting156272.a2eeb.netcup.net\/fr\/index.php?rest_route=%2Fwp%2Fv2%2Fcomments&post=750"}],"version-history":[{"count":10,"href":"https:\/\/hosting156272.a2eeb.netcup.net\/fr\/index.php?rest_route=\/wp\/v2\/posts\/750\/revisions"}],"predecessor-version":[{"id":780,"href":"https:\/\/hosting156272.a2eeb.netcup.net\/fr\/index.php?rest_route=\/wp\/v2\/posts\/750\/revisions\/780"}],"wp:featuredmedia":[{"embeddable":true,"href":"https:\/\/hosting156272.a2eeb.netcup.net\/fr\/index.php?rest_route=\/wp\/v2\/media\/759"}],"wp:attachment":[{"href":"https:\/\/hosting156272.a2eeb.netcup.net\/fr\/index.php?rest_route=%2Fwp%2Fv2%2Fmedia&parent=750"}],"wp:term":[{"taxonomy":"category","embeddable":true,"href":"https:\/\/hosting156272.a2eeb.netcup.net\/fr\/index.php?rest_route=%2Fwp%2Fv2%2Fcategories&post=750"},{"taxonomy":"post_tag","embeddable":true,"href":"https:\/\/hosting156272.a2eeb.netcup.net\/fr\/index.php?rest_route=%2Fwp%2Fv2%2Ftags&post=750"}],"curies":[{"name":"wp","href":"https:\/\/api.w.org\/{rel}","templated":true}]}}